{"id":3113,"date":"2024-10-30T07:08:26","date_gmt":"2024-10-30T06:08:26","guid":{"rendered":"https:\/\/www.wortimpuls.ch\/?p=3113"},"modified":"2024-10-30T07:08:26","modified_gmt":"2024-10-30T06:08:26","slug":"erst-mal-was-essen","status":"publish","type":"post","link":"https:\/\/www.wortimpuls.ch\/?p=3113","title":{"rendered":"Erst mal was essen"},"content":{"rendered":"\n<p>Nach einer Trauerfeier, <br>nach einer Beerdigung,<br>nach einem Abschiedsritual<br>zusammen sein,<br>zusammen etwas trinken und essen.<\/p>\n\n\n\n<p>Eine Br\u00fccke vom Ritual in den Alltag. <br>Denn einige haben sich lange nicht mehr gesehen. <br>Denn ein paar sind weit gereist. <br>Denn es ist Zmittag- oder Zvierizeit.<\/p>\n\n\n\n<p>Eine Br\u00fccke in den Alltag. <br>Um sich nach dem Abschiedsritual dem Alltag zuzuwenden. <br>Um nach der Verg\u00e4nglichkeit dem Jetzt und der Zukunft Raum zu\u00a0\u00adgeben. <br>Um nach den nicht so leichten Worten erst einmal zu essen und zu\u00a0trinken.<\/p>\n\n\n\n<p>Eine Br\u00fccke in den Alltag. <br>Denn irgendwann ist es genug mit Besinnlichkeit. <br>Denn f\u00fcr einen Moment ist es genug mit Tr\u00e4nen. <br>Denn irgendwann ist es genug mit Urne oder Sarg.<\/p>\n\n\n\n<p>Eine Br\u00fccke in den Alltag. <br>Zusammen essen und trinken, <br>weil es gut tut und wir einander brauchen.  <br>Zusammen berichten und erz\u00e4hlen, <br>weil es gut tut und wir einander brauchen. <br>Zusammensitzen oder -stehen, <br>weil es gut tut und wir einander brauchen.<\/p>\n\n\n\n<p>Dann <br>und erst recht <br>in den Tagen, Wochen, Monaten, Jahren danach.<\/p>\n\n\n\n<p><\/p>\n","protected":false},"excerpt":{"rendered":"<p>Nach einer Trauerfeier, nach einer Beerdigung,nach einem Abschiedsritualzusammen sein,zusammen etwas trinken und essen. Eine Br\u00fccke vom Ritual in den Alltag. Denn einige haben sich lange nicht mehr gesehen. Denn ein paar sind weit gereist. Denn es ist Zmittag- oder Zvierizeit&#8230;.<\/p>\n","protected":false},"author":1,"featured_media":906,"comment_status":"closed","ping_status":"closed","sticky":false,"template":"","format":"standard","meta":{"jetpack_post_was_ever_published":false,"_jetpack_newsletter_access":"","_jetpack_dont_email_post_to_subs":false,"_jetpack_newsletter_tier_id":0,"_jetpack_memberships_contains_paywalled_content":false,"_jetpack_memberships_contains_paid_content":false,"footnotes":"","jetpack_publicize_message":"","jetpack_publicize_feature_enabled":true,"jetpack_social_post_already_shared":true,"jetpack_social_options":{"image_generator_settings":{"template":"highway","default_image_id":0,"font":"","enabled":false},"version":2}},"categories":[3,4],"tags":[17,24,8,16,9,11],"class_list":["post-3113","post","type-post","status-publish","format-standard","has-post-thumbnail","hentry","category-alle","category-kolumnen","tag-gesellschaft","tag-gott","tag-kirche","tag-kultur","tag-mensch","tag-religion"],"jetpack_publicize_connections":[],"jetpack_featured_media_url":"https:\/\/www.wortimpuls.ch\/wp-content\/uploads\/2017\/07\/DSC01478a.jpg","jetpack_sharing_enabled":true,"_links":{"self":[{"href":"https:\/\/www.wortimpuls.ch\/index.php?rest_route=\/wp\/v2\/posts\/3113","targetHints":{"allow":["GET"]}}],"collection":[{"href":"https:\/\/www.wortimpuls.ch\/index.php?rest_route=\/wp\/v2\/posts"}],"about":[{"href":"https:\/\/www.wortimpuls.ch\/index.php?rest_route=\/wp\/v2\/types\/post"}],"author":[{"embeddable":true,"href":"https:\/\/www.wortimpuls.ch\/index.php?rest_route=\/wp\/v2\/users\/1"}],"replies":[{"embeddable":true,"href":"https:\/\/www.wortimpuls.ch\/index.php?rest_route=%2Fwp%2Fv2%2Fcomments&post=3113"}],"version-history":[{"count":1,"href":"https:\/\/www.wortimpuls.ch\/index.php?rest_route=\/wp\/v2\/posts\/3113\/revisions"}],"predecessor-version":[{"id":3114,"href":"https:\/\/www.wortimpuls.ch\/index.php?rest_route=\/wp\/v2\/posts\/3113\/revisions\/3114"}],"wp:featuredmedia":[{"embeddable":true,"href":"https:\/\/www.wortimpuls.ch\/index.php?rest_route=\/wp\/v2\/media\/906"}],"wp:attachment":[{"href":"https:\/\/www.wortimpuls.ch\/index.php?rest_route=%2Fwp%2Fv2%2Fmedia&parent=3113"}],"wp:term":[{"taxonomy":"category","embeddable":true,"href":"https:\/\/www.wortimpuls.ch\/index.php?rest_route=%2Fwp%2Fv2%2Fcategories&post=3113"},{"taxonomy":"post_tag","embeddable":true,"href":"https:\/\/www.wortimpuls.ch\/index.php?rest_route=%2Fwp%2Fv2%2Ftags&post=3113"}],"curies":[{"name":"wp","href":"https:\/\/api.w.org\/{rel}","templated":true}]}}