{"id":3115,"date":"2024-10-31T16:36:07","date_gmt":"2024-10-31T15:36:07","guid":{"rendered":"https:\/\/www.wortimpuls.ch\/?p=3115"},"modified":"2024-10-31T17:15:07","modified_gmt":"2024-10-31T16:15:07","slug":"gott-erkennen-heisst-gerecht-handeln","status":"publish","type":"post","link":"https:\/\/www.wortimpuls.ch\/?p=3115","title":{"rendered":"Gott erkennen heisst gerecht handeln"},"content":{"rendered":"\n<p>96-j\u00e4hrig verstarb vor ein paar Tagen <br>der peruanische Befreiungstheologe <br>Gustavo Gutierrez.<\/p>\n\n\n\n<p>Grundlinien seines Nachdenkens <br>\u00fcber Gott und die Menschen <br>bleiben aktuell.<\/p>\n\n\n\n<p>Der Einsatz f\u00fcr eine gerechte Welt <br>ist das Erste und das Zentrale.  <\/p>\n\n\n\n<p>Das Nachdenken \u00fcber Gott  <br>ist sekund\u00e4r und f\u00fchrt wieder ins Handeln.<\/p>\n\n\n\n<p>Gott erkennen  <br>ist Einsatz f\u00fcr gerechte Verh\u00e4ltnisse unter den Menschen,<br>ist Anerkennen der Rechte der Benachteiligten.<br><br>Wo Ungerechtigkeit herrscht,  <br>da wird Gott geleugnet.<\/p>\n\n\n\n<p>Wo es um ein gerechtes Zusammenleben der Menschen geht, <br>ist Befreiung ein treffender Ausdruck.<\/p>\n\n\n\n<p>Befreiung umfasst die \u00dcberwindung <br>von Abh\u00e4ngigkeiten, Benachteiligungen und Ungerechtigkeiten <br>in allen Bereichen (politisch, wirtschaftlich, kulturell, religi\u00f6s, individuell usw.).<\/p>\n\n\n\n<p>Befreiung ist treffender als Entwicklung, <br>da es nicht um einen automatischen Ablauf geht, <br>sondern um entschiedenes Handeln.<\/p>\n\n\n\n<p>Befreiung ist treffender als Erl\u00f6sung, <br>weil es nicht nur um etwas Pers\u00f6nliches oder Geistiges geht,  <br>sondern auch um politische und wirtschaftliche Strukturen.<\/p>\n\n\n\n<p><\/p>\n","protected":false},"excerpt":{"rendered":"<p>96-j\u00e4hrig verstarb vor ein paar Tagen der peruanische Befreiungstheologe Gustavo Gutierrez. Grundlinien seines Nachdenkens \u00fcber Gott und die Menschen bleiben aktuell. Der Einsatz f\u00fcr eine gerechte Welt ist das Erste und das Zentrale. Das Nachdenken \u00fcber Gott ist sekund\u00e4r und&#8230;<\/p>\n","protected":false},"author":1,"featured_media":3117,"comment_status":"closed","ping_status":"closed","sticky":false,"template":"","format":"standard","meta":{"jetpack_post_was_ever_published":false,"_jetpack_newsletter_access":"","_jetpack_dont_email_post_to_subs":false,"_jetpack_newsletter_tier_id":0,"_jetpack_memberships_contains_paywalled_content":false,"_jetpack_memberships_contains_paid_content":false,"footnotes":"","jetpack_publicize_message":"","jetpack_publicize_feature_enabled":true,"jetpack_social_post_already_shared":true,"jetpack_social_options":{"image_generator_settings":{"template":"highway","default_image_id":0,"font":"","enabled":false},"version":2}},"categories":[3,5],"tags":[6,17,24,7,8,9,10,11,12],"class_list":["post-3115","post","type-post","status-publish","format-standard","has-post-thumbnail","hentry","category-alle","category-randnotizen","tag-bibel","tag-gesellschaft","tag-gott","tag-jesus","tag-kirche","tag-mensch","tag-politik","tag-religion","tag-schopfung"],"jetpack_publicize_connections":[],"jetpack_featured_media_url":"https:\/\/www.wortimpuls.ch\/wp-content\/uploads\/2024\/10\/Puli-Peru-scaled.jpg","jetpack_sharing_enabled":true,"_links":{"self":[{"href":"https:\/\/www.wortimpuls.ch\/index.php?rest_route=\/wp\/v2\/posts\/3115","targetHints":{"allow":["GET"]}}],"collection":[{"href":"https:\/\/www.wortimpuls.ch\/index.php?rest_route=\/wp\/v2\/posts"}],"about":[{"href":"https:\/\/www.wortimpuls.ch\/index.php?rest_route=\/wp\/v2\/types\/post"}],"author":[{"embeddable":true,"href":"https:\/\/www.wortimpuls.ch\/index.php?rest_route=\/wp\/v2\/users\/1"}],"replies":[{"embeddable":true,"href":"https:\/\/www.wortimpuls.ch\/index.php?rest_route=%2Fwp%2Fv2%2Fcomments&post=3115"}],"version-history":[{"count":2,"href":"https:\/\/www.wortimpuls.ch\/index.php?rest_route=\/wp\/v2\/posts\/3115\/revisions"}],"predecessor-version":[{"id":3119,"href":"https:\/\/www.wortimpuls.ch\/index.php?rest_route=\/wp\/v2\/posts\/3115\/revisions\/3119"}],"wp:featuredmedia":[{"embeddable":true,"href":"https:\/\/www.wortimpuls.ch\/index.php?rest_route=\/wp\/v2\/media\/3117"}],"wp:attachment":[{"href":"https:\/\/www.wortimpuls.ch\/index.php?rest_route=%2Fwp%2Fv2%2Fmedia&parent=3115"}],"wp:term":[{"taxonomy":"category","embeddable":true,"href":"https:\/\/www.wortimpuls.ch\/index.php?rest_route=%2Fwp%2Fv2%2Fcategories&post=3115"},{"taxonomy":"post_tag","embeddable":true,"href":"https:\/\/www.wortimpuls.ch\/index.php?rest_route=%2Fwp%2Fv2%2Ftags&post=3115"}],"curies":[{"name":"wp","href":"https:\/\/api.w.org\/{rel}","templated":true}]}}