{"id":3343,"date":"2025-07-22T15:05:08","date_gmt":"2025-07-22T13:05:08","guid":{"rendered":"https:\/\/www.wortimpuls.ch\/?p=3343"},"modified":"2025-07-22T15:05:08","modified_gmt":"2025-07-22T13:05:08","slug":"kopftuch-kreuz-co-teil-1-3","status":"publish","type":"post","link":"https:\/\/www.wortimpuls.ch\/?p=3343","title":{"rendered":"Kopftuch, Kreuz &amp; Co. (Teil 1\/3)"},"content":{"rendered":"\n<p><\/p>\n\n\n\n<p>Was ist mit dem Kreuz im Gerichtssaal? <br>Was ist mit der Kopftuch tragenden Lehrerin? <br>Was ist mit dem Freidenker-Slogan auf der Plakatwand?<\/p>\n\n\n\n<p>Es liegt in der Natur der Sache, <br>dass sich Fragen rund um religi\u00f6se Symbole in der \u00d6ffentlichkeit stellen, <br>dass die \u00f6ffentliche Pr\u00e4senz von Religion diskutiert wird, <br>dass gesetzliche Regeln dazu zur Debatte stehen.<\/p>\n\n\n\n<p>Weil sich die Religionslandschaft stark wandelt. <br>Weil sich das religi\u00f6se Verhalten erheblich ver\u00e4ndert. <br>Und sich dadurch neue Fragen stellen.<\/p>\n\n\n\n<p>1970 geh\u00f6ren in der Schweiz <br>97,5 % der Menschen einer christlichen Kirche an.<\/p>\n\n\n\n<p>2023 geh\u00f6ren in der Schweiz <br>55 % der Menschen einer christlichen Kirche an, <br>35,6 % geh\u00f6ren keiner Religion an,   <br>6 % bekennen sich zum Islam.<\/p>\n\n\n\n<p>Darum ist es richtig,  <br>Fragen zu stellen,  <br>zu diskutieren,  <br>zu debattieren.<\/p>\n\n\n\n<p>Darum ist es wichtig,  <br>unaufgeregt, <br>besonnen, <br>differenziert <br>nach L\u00f6sungen zu suchen.<\/p>\n","protected":false},"excerpt":{"rendered":"<p>Was ist mit dem Kreuz im Gerichtssaal? Was ist mit der Kopftuch tragenden Lehrerin? Was ist mit dem Freidenker-Slogan auf der Plakatwand? Es liegt in der Natur der Sache, dass sich Fragen rund um religi\u00f6se Symbole in der \u00d6ffentlichkeit stellen,&#8230;<\/p>\n","protected":false},"author":1,"featured_media":595,"comment_status":"closed","ping_status":"closed","sticky":false,"template":"","format":"standard","meta":{"jetpack_post_was_ever_published":false,"_jetpack_newsletter_access":"","_jetpack_dont_email_post_to_subs":false,"_jetpack_newsletter_tier_id":0,"_jetpack_memberships_contains_paywalled_content":false,"_jetpack_memberships_contains_paid_content":false,"footnotes":"","jetpack_publicize_message":"","jetpack_publicize_feature_enabled":true,"jetpack_social_post_already_shared":true,"jetpack_social_options":{"image_generator_settings":{"template":"highway","default_image_id":0,"font":"","enabled":false},"version":2}},"categories":[3,5],"tags":[6,17,24,8,16,9,10,11],"class_list":["post-3343","post","type-post","status-publish","format-standard","has-post-thumbnail","hentry","category-alle","category-randnotizen","tag-bibel","tag-gesellschaft","tag-gott","tag-kirche","tag-kultur","tag-mensch","tag-politik","tag-religion"],"jetpack_publicize_connections":[],"jetpack_featured_media_url":"https:\/\/www.wortimpuls.ch\/wp-content\/uploads\/2016\/04\/DSC04847_Kreuz_rot.jpg","jetpack_sharing_enabled":true,"_links":{"self":[{"href":"https:\/\/www.wortimpuls.ch\/index.php?rest_route=\/wp\/v2\/posts\/3343","targetHints":{"allow":["GET"]}}],"collection":[{"href":"https:\/\/www.wortimpuls.ch\/index.php?rest_route=\/wp\/v2\/posts"}],"about":[{"href":"https:\/\/www.wortimpuls.ch\/index.php?rest_route=\/wp\/v2\/types\/post"}],"author":[{"embeddable":true,"href":"https:\/\/www.wortimpuls.ch\/index.php?rest_route=\/wp\/v2\/users\/1"}],"replies":[{"embeddable":true,"href":"https:\/\/www.wortimpuls.ch\/index.php?rest_route=%2Fwp%2Fv2%2Fcomments&post=3343"}],"version-history":[{"count":1,"href":"https:\/\/www.wortimpuls.ch\/index.php?rest_route=\/wp\/v2\/posts\/3343\/revisions"}],"predecessor-version":[{"id":3344,"href":"https:\/\/www.wortimpuls.ch\/index.php?rest_route=\/wp\/v2\/posts\/3343\/revisions\/3344"}],"wp:featuredmedia":[{"embeddable":true,"href":"https:\/\/www.wortimpuls.ch\/index.php?rest_route=\/wp\/v2\/media\/595"}],"wp:attachment":[{"href":"https:\/\/www.wortimpuls.ch\/index.php?rest_route=%2Fwp%2Fv2%2Fmedia&parent=3343"}],"wp:term":[{"taxonomy":"category","embeddable":true,"href":"https:\/\/www.wortimpuls.ch\/index.php?rest_route=%2Fwp%2Fv2%2Fcategories&post=3343"},{"taxonomy":"post_tag","embeddable":true,"href":"https:\/\/www.wortimpuls.ch\/index.php?rest_route=%2Fwp%2Fv2%2Ftags&post=3343"}],"curies":[{"name":"wp","href":"https:\/\/api.w.org\/{rel}","templated":true}]}}