{"id":3345,"date":"2025-07-26T05:55:00","date_gmt":"2025-07-26T03:55:00","guid":{"rendered":"https:\/\/www.wortimpuls.ch\/?p=3345"},"modified":"2025-07-25T17:37:22","modified_gmt":"2025-07-25T15:37:22","slug":"kopftuch-kreuz-co-teil-2-3","status":"publish","type":"post","link":"https:\/\/www.wortimpuls.ch\/?p=3345","title":{"rendered":"Kopftuch, Kreuz &amp; Co. (Teil 2\/3)"},"content":{"rendered":"\n<p>Viel wird \u00fcber das Kopftuch geschrieben. <br>Vielf\u00e4ltig sind die diesbez\u00fcglichen Themenkreise.<\/p>\n\n\n\n<p>Kopftuch und Islam <br>Es gibt im Islam unterschiedliche Auffassungen zum Kopftuch: <br>Von einem lokalen, kulturellen, unverbindlichen Brauch bis hin zu einer religi\u00f6sen Pflicht. <br>Das hat auch damit zu tun, <br>mit welchen wissenschaftlichen Vorverst\u00e4ndnis der Koran interpretiert wird.<\/p>\n\n\n\n<p>Kopftuch und Arbeitswelt <br>Es gilt grunds\u00e4tzlich die Religionsfreiheit. <br>Einschr\u00e4nkende rechtliche Vorschriften m\u00fcssen betrieblich begr\u00fcndet werden.  <br>F\u00fcr \u00f6ffentliche Einrichtungen wie etwa Schulen k\u00f6nnen besondere Regeln aufgestellt werden.<\/p>\n\n\n\n<p>Kopftuch und Bedeutung <br>Es gibt die Innensicht \u2013 was es der Tr\u00e4gerin bedeutet.  <br>Es gibt die Aussensicht \u2013 was das Umfeld damit verbindet.<\/p>\n\n\n\n<p>Kopftuch und Freiheit <br>Ein Kopftuchverbot wird h\u00f6chst unterschiedlich beurteilt.  <br>Die einen sehen im Verbot einen Akt der Befreiung aus patriarchaler Unterdr\u00fcckung. <br>Andere sehen im Verbot eine Einschr\u00e4nkung der Selbstbestimmung von Frauen.<\/p>\n\n\n\n<p>Kopftuch und Gesetz <br>Religionsfreiheit ist in der Schweiz ein Grundrecht.  <br>Eingeschr\u00e4nkt werden darf sie beispielsweise,  <br>wenn die Sicherheit gef\u00e4hrdet ist <br>oder um Grundrechte anderer zu wahren.<\/p>\n\n\n\n<p>Kopftuch und Zust\u00e4ndigkeit <br>Religi\u00f6se Symbole sind grunds\u00e4tzlich durch die Religionsfreiheit gesch\u00fctzt. <br>Die Zust\u00e4ndigkeit liegt bei den Kantonen. <br>Ausnahme: Per Volksabstimmung wurde 2021 in der Schweiz die &#8222;Burka-Initiative&#8220; angenommen, <br>welche es verbietet, im \u00f6ffentlichen Raum das Gesicht zu verh\u00fcllen.<\/p>\n\n\n\n<p>Vielf\u00e4ltig sind die Situationen. <br>Vielschichtig das Nachdenken. <br>Vieldiskutiert die L\u00f6sungsans\u00e4tze.<\/p>\n","protected":false},"excerpt":{"rendered":"<p>Viel wird \u00fcber das Kopftuch geschrieben. Vielf\u00e4ltig sind die diesbez\u00fcglichen Themenkreise. Kopftuch und Islam Es gibt im Islam unterschiedliche Auffassungen zum Kopftuch: Von einem lokalen, kulturellen, unverbindlichen Brauch bis hin zu einer religi\u00f6sen Pflicht. Das hat auch damit zu tun,&#8230;<\/p>\n","protected":false},"author":1,"featured_media":583,"comment_status":"closed","ping_status":"closed","sticky":false,"template":"","format":"standard","meta":{"jetpack_post_was_ever_published":false,"_jetpack_newsletter_access":"","_jetpack_dont_email_post_to_subs":false,"_jetpack_newsletter_tier_id":0,"_jetpack_memberships_contains_paywalled_content":false,"_jetpack_memberships_contains_paid_content":false,"footnotes":"","jetpack_publicize_message":"","jetpack_publicize_feature_enabled":true,"jetpack_social_post_already_shared":true,"jetpack_social_options":{"image_generator_settings":{"template":"highway","default_image_id":0,"font":"","enabled":false},"version":2}},"categories":[3,5],"tags":[6,17,24,7,8,16,9,10,11],"class_list":["post-3345","post","type-post","status-publish","format-standard","has-post-thumbnail","hentry","category-alle","category-randnotizen","tag-bibel","tag-gesellschaft","tag-gott","tag-jesus","tag-kirche","tag-kultur","tag-mensch","tag-politik","tag-religion"],"jetpack_publicize_connections":[],"jetpack_featured_media_url":"https:\/\/www.wortimpuls.ch\/wp-content\/uploads\/2016\/03\/DSC04847_Kreuz_lindengr\u00fcn.jpg","jetpack_sharing_enabled":true,"_links":{"self":[{"href":"https:\/\/www.wortimpuls.ch\/index.php?rest_route=\/wp\/v2\/posts\/3345","targetHints":{"allow":["GET"]}}],"collection":[{"href":"https:\/\/www.wortimpuls.ch\/index.php?rest_route=\/wp\/v2\/posts"}],"about":[{"href":"https:\/\/www.wortimpuls.ch\/index.php?rest_route=\/wp\/v2\/types\/post"}],"author":[{"embeddable":true,"href":"https:\/\/www.wortimpuls.ch\/index.php?rest_route=\/wp\/v2\/users\/1"}],"replies":[{"embeddable":true,"href":"https:\/\/www.wortimpuls.ch\/index.php?rest_route=%2Fwp%2Fv2%2Fcomments&post=3345"}],"version-history":[{"count":2,"href":"https:\/\/www.wortimpuls.ch\/index.php?rest_route=\/wp\/v2\/posts\/3345\/revisions"}],"predecessor-version":[{"id":3347,"href":"https:\/\/www.wortimpuls.ch\/index.php?rest_route=\/wp\/v2\/posts\/3345\/revisions\/3347"}],"wp:featuredmedia":[{"embeddable":true,"href":"https:\/\/www.wortimpuls.ch\/index.php?rest_route=\/wp\/v2\/media\/583"}],"wp:attachment":[{"href":"https:\/\/www.wortimpuls.ch\/index.php?rest_route=%2Fwp%2Fv2%2Fmedia&parent=3345"}],"wp:term":[{"taxonomy":"category","embeddable":true,"href":"https:\/\/www.wortimpuls.ch\/index.php?rest_route=%2Fwp%2Fv2%2Fcategories&post=3345"},{"taxonomy":"post_tag","embeddable":true,"href":"https:\/\/www.wortimpuls.ch\/index.php?rest_route=%2Fwp%2Fv2%2Ftags&post=3345"}],"curies":[{"name":"wp","href":"https:\/\/api.w.org\/{rel}","templated":true}]}}