{"id":3348,"date":"2025-07-29T05:55:00","date_gmt":"2025-07-29T03:55:00","guid":{"rendered":"https:\/\/www.wortimpuls.ch\/?p=3348"},"modified":"2025-07-29T06:12:39","modified_gmt":"2025-07-29T04:12:39","slug":"kopftuch-kreuz-co-teil-3-3","status":"publish","type":"post","link":"https:\/\/www.wortimpuls.ch\/?p=3348","title":{"rendered":"Kopftuch, Kreuz &amp; Co. (Teil 3\/3)"},"content":{"rendered":"\n<p>Ob nun in einem Gerichtssaal, <br>in einem Schulzimmer, <br>in einer Pflegeinstitution <br>ein Kreuz h\u00e4ngen darf,  <br>das ist eines.<\/p>\n\n\n\n<p>Was aber ist mit religi\u00f6sen Motiven <br>in Kunst, Musik, Architektur und Literatur? <br>Was ist mit den Kreuzen <br>am Wegrand, auf Berggipfeln, auf Kircht\u00fcrmen?<\/p>\n\n\n\n<p>Sie k\u00f6nnten als Teil des kulturellen Erbes gesehen werden. <br>Sie k\u00f6nnten als Teil der Geschichte gesehen werden. <br>Sie k\u00f6nnten als Teil der Herkunft gesehen werden.<\/p>\n\n\n\n<p>Unabh\u00e4ngig von der eigenen Religion <br>k\u00f6nnte das Kreuz auf der Ambulanz <br>an die Sorge um die Schw\u00e4chsten und Verletzlichsten erinnern.<\/p>\n\n\n\n<p>Unabh\u00e4ngig vom pers\u00f6nlichen Glauben <br>k\u00f6nnte das Kreuz auf dem Berggipfel daran erinnern, <br>dass die Welt anvertraut und nicht Besitz ist.<\/p>\n\n\n\n<p>Unabh\u00e4ngig von der eigenen Weltanschauung <br>k\u00f6nnte das Kreuz auf einem Kirchturm daran erinnern, <br>dass es mehr gibt als einer alleine wissen und eine alleine hoffen kann.<\/p>\n\n\n\n<p><\/p>\n","protected":false},"excerpt":{"rendered":"<p>Ob nun in einem Gerichtssaal, in einem Schulzimmer, in einer Pflegeinstitution ein Kreuz h\u00e4ngen darf, das ist eines. Was aber ist mit religi\u00f6sen Motiven in Kunst, Musik, Architektur und Literatur? Was ist mit den Kreuzen am Wegrand, auf Berggipfeln, auf&#8230;<\/p>\n","protected":false},"author":1,"featured_media":770,"comment_status":"closed","ping_status":"closed","sticky":false,"template":"","format":"standard","meta":{"jetpack_post_was_ever_published":false,"_jetpack_newsletter_access":"","_jetpack_dont_email_post_to_subs":false,"_jetpack_newsletter_tier_id":0,"_jetpack_memberships_contains_paywalled_content":false,"_jetpack_memberships_contains_paid_content":false,"footnotes":"","jetpack_publicize_message":"","jetpack_publicize_feature_enabled":true,"jetpack_social_post_already_shared":true,"jetpack_social_options":{"image_generator_settings":{"template":"highway","default_image_id":0,"font":"","enabled":false},"version":2}},"categories":[3,5],"tags":[6,17,24,7,8,16,9,10,11],"class_list":["post-3348","post","type-post","status-publish","format-standard","has-post-thumbnail","hentry","category-alle","category-randnotizen","tag-bibel","tag-gesellschaft","tag-gott","tag-jesus","tag-kirche","tag-kultur","tag-mensch","tag-politik","tag-religion"],"jetpack_publicize_connections":[],"jetpack_featured_media_url":"https:\/\/www.wortimpuls.ch\/wp-content\/uploads\/2016\/12\/DSC04847_Kreuz_in_gelb.jpg","jetpack_sharing_enabled":true,"_links":{"self":[{"href":"https:\/\/www.wortimpuls.ch\/index.php?rest_route=\/wp\/v2\/posts\/3348","targetHints":{"allow":["GET"]}}],"collection":[{"href":"https:\/\/www.wortimpuls.ch\/index.php?rest_route=\/wp\/v2\/posts"}],"about":[{"href":"https:\/\/www.wortimpuls.ch\/index.php?rest_route=\/wp\/v2\/types\/post"}],"author":[{"embeddable":true,"href":"https:\/\/www.wortimpuls.ch\/index.php?rest_route=\/wp\/v2\/users\/1"}],"replies":[{"embeddable":true,"href":"https:\/\/www.wortimpuls.ch\/index.php?rest_route=%2Fwp%2Fv2%2Fcomments&post=3348"}],"version-history":[{"count":3,"href":"https:\/\/www.wortimpuls.ch\/index.php?rest_route=\/wp\/v2\/posts\/3348\/revisions"}],"predecessor-version":[{"id":3352,"href":"https:\/\/www.wortimpuls.ch\/index.php?rest_route=\/wp\/v2\/posts\/3348\/revisions\/3352"}],"wp:featuredmedia":[{"embeddable":true,"href":"https:\/\/www.wortimpuls.ch\/index.php?rest_route=\/wp\/v2\/media\/770"}],"wp:attachment":[{"href":"https:\/\/www.wortimpuls.ch\/index.php?rest_route=%2Fwp%2Fv2%2Fmedia&parent=3348"}],"wp:term":[{"taxonomy":"category","embeddable":true,"href":"https:\/\/www.wortimpuls.ch\/index.php?rest_route=%2Fwp%2Fv2%2Fcategories&post=3348"},{"taxonomy":"post_tag","embeddable":true,"href":"https:\/\/www.wortimpuls.ch\/index.php?rest_route=%2Fwp%2Fv2%2Ftags&post=3348"}],"curies":[{"name":"wp","href":"https:\/\/api.w.org\/{rel}","templated":true}]}}