{"id":3486,"date":"2026-01-29T14:44:18","date_gmt":"2026-01-29T13:44:18","guid":{"rendered":"https:\/\/www.wortimpuls.ch\/?p=3486"},"modified":"2026-02-05T18:43:55","modified_gmt":"2026-02-05T17:43:55","slug":"auf-den-kopf-gestellt","status":"publish","type":"post","link":"https:\/\/www.wortimpuls.ch\/?p=3486","title":{"rendered":"Auf den Kopf gestellt"},"content":{"rendered":"\n<p>M\u00e4chtige werden vom Thron gest\u00fcrzt.  <br>Reiche gehen leer aus. <br>Hungernde werden beschenkt.<\/p>\n\n\n\n<p>Eine Geburt im Stall. <br>Besuch von Randst\u00e4ndigen. <br>Niederkniende Vornehme.<\/p>\n\n\n\n<p>Schwache, <br>die Starke zum Umdenken bewegen. <br>Ungebildete <br>die Gebildete herausfordern. <br>Geringengesch\u00e4tzte, <br>die Hochgejubelten die Macht entziehen.<\/p>\n\n\n\n<p>Gl\u00fccklich gesch\u00e4tzt sind die, <br>die feinf\u00fchlig sind, <br>die auf Gewalt verzichten, <br>die nach Gerechtigkeit d\u00fcrsten.<\/p>\n\n\n\n<p>Gl\u00fccklich gesch\u00e4tzt sind die, <br>die ehrlich sind, <br>die Frieden stiften, <br>die Gegenwind aushalten.<\/p>\n\n\n\n<p>Wer sich auf den aus Nazareth beruft,  <br>stellt die Welt auf den Kopf.<\/p>\n\n\n\n<p>Massgebend sind nicht die Grossm\u00e4uler<br>und auch nicht die L\u00fcgnerinnen. <br>Massgebend sind nicht die Kriegstreiber<br>und auch nicht die Volksaufhetzerinnen. <br><\/p>\n\n\n\n<p>Massgebend ist das Wohl der Schw\u00e4chsten <br>und die Stimme der Betroffenen. <br>Massgebend ist die R\u00fccksicht auf die Natur<br>und die Achtung der Minderheiten.<\/p>\n\n\n\n<p>Wer sich auf den aus Nazareth beruft, <br>stellt die Welt auf den Kopf.<\/p>\n\n\n\n<p><em>(4. Sonntag A, 1 Kor 26-29, Lk 1,46-55, Mt 5,3-11)<\/em><\/p>\n","protected":false},"excerpt":{"rendered":"<p>M\u00e4chtige werden vom Thron gest\u00fcrzt. Reiche gehen leer aus. Hungernde werden beschenkt. Eine Geburt im Stall. Besuch von Randst\u00e4ndigen. Niederkniende Vornehme. Schwache, die Starke zum Umdenken bewegen. Ungebildete die Gebildete herausfordern. Geringengesch\u00e4tzte, die Hochgejubelten die Macht entziehen. Gl\u00fccklich gesch\u00e4tzt sind&#8230;<\/p>\n","protected":false},"author":1,"featured_media":2818,"comment_status":"closed","ping_status":"closed","sticky":false,"template":"","format":"standard","meta":{"jetpack_post_was_ever_published":false,"_jetpack_newsletter_access":"","_jetpack_dont_email_post_to_subs":false,"_jetpack_newsletter_tier_id":0,"_jetpack_memberships_contains_paywalled_content":false,"_jetpack_memberships_contains_paid_content":false,"footnotes":"","jetpack_publicize_message":"","jetpack_publicize_feature_enabled":true,"jetpack_social_post_already_shared":true,"jetpack_social_options":{"image_generator_settings":{"template":"highway","default_image_id":0,"font":"","enabled":false},"version":2}},"categories":[2,3],"tags":[6,17,24,7,8,9,10,11],"class_list":["post-3486","post","type-post","status-publish","format-standard","has-post-thumbnail","hentry","category-30-sekunden-predigt","category-alle","tag-bibel","tag-gesellschaft","tag-gott","tag-jesus","tag-kirche","tag-mensch","tag-politik","tag-religion"],"jetpack_publicize_connections":[],"jetpack_featured_media_url":"https:\/\/www.wortimpuls.ch\/wp-content\/uploads\/2023\/11\/DSC04847_Kreuz.jpg","jetpack_sharing_enabled":true,"_links":{"self":[{"href":"https:\/\/www.wortimpuls.ch\/index.php?rest_route=\/wp\/v2\/posts\/3486","targetHints":{"allow":["GET"]}}],"collection":[{"href":"https:\/\/www.wortimpuls.ch\/index.php?rest_route=\/wp\/v2\/posts"}],"about":[{"href":"https:\/\/www.wortimpuls.ch\/index.php?rest_route=\/wp\/v2\/types\/post"}],"author":[{"embeddable":true,"href":"https:\/\/www.wortimpuls.ch\/index.php?rest_route=\/wp\/v2\/users\/1"}],"replies":[{"embeddable":true,"href":"https:\/\/www.wortimpuls.ch\/index.php?rest_route=%2Fwp%2Fv2%2Fcomments&post=3486"}],"version-history":[{"count":4,"href":"https:\/\/www.wortimpuls.ch\/index.php?rest_route=\/wp\/v2\/posts\/3486\/revisions"}],"predecessor-version":[{"id":3505,"href":"https:\/\/www.wortimpuls.ch\/index.php?rest_route=\/wp\/v2\/posts\/3486\/revisions\/3505"}],"wp:featuredmedia":[{"embeddable":true,"href":"https:\/\/www.wortimpuls.ch\/index.php?rest_route=\/wp\/v2\/media\/2818"}],"wp:attachment":[{"href":"https:\/\/www.wortimpuls.ch\/index.php?rest_route=%2Fwp%2Fv2%2Fmedia&parent=3486"}],"wp:term":[{"taxonomy":"category","embeddable":true,"href":"https:\/\/www.wortimpuls.ch\/index.php?rest_route=%2Fwp%2Fv2%2Fcategories&post=3486"},{"taxonomy":"post_tag","embeddable":true,"href":"https:\/\/www.wortimpuls.ch\/index.php?rest_route=%2Fwp%2Fv2%2Ftags&post=3486"}],"curies":[{"name":"wp","href":"https:\/\/api.w.org\/{rel}","templated":true}]}}