{"id":3557,"date":"2026-05-03T07:58:33","date_gmt":"2026-05-03T05:58:33","guid":{"rendered":"https:\/\/www.wortimpuls.ch\/?p=3557"},"modified":"2026-05-03T07:58:33","modified_gmt":"2026-05-03T05:58:33","slug":"genug-fuer-alle","status":"publish","type":"post","link":"https:\/\/www.wortimpuls.ch\/?p=3557","title":{"rendered":"Genug f\u00fcr alle"},"content":{"rendered":"\n<p>Wenn jeder gibt, was er hat, <br>dann werden alle satt.<\/p>\n\n\n\n<p>Eine treffende Liedzeile. <br>Sie fasst die Haltung <br>des Geschichtenerz\u00e4hlers aus Nazareth zusammen. <\/p>\n\n\n\n<p>Wenn jede gibt, was sie hat, <br>dann werden alle satt.  <\/p>\n\n\n\n<p>Eine treffende Liedzeile. <br>Sie fasst die Haltung <br>der Menschen zusammen, die sich treffen, <br>um in Erinnerung an Jesus das Brot zu teilen.<\/p>\n\n\n\n<p>Wenn jeder gibt, was er hat, <br>dann werden alle satt.<\/p>\n\n\n\n<p>Wer die Haltung vertritt, <br>dass es am besten gehe, wenn alle nur f\u00fcr sich schauen, <br>dass R\u00fccksicht etwas f\u00fcr Dumme und Schwache sei, <br>der geht ehrlicherweise nicht zur Kommunion, zum Abendmahl.<\/p>\n\n\n\n<p>Wenn jede gibt, was sie hat, <br>dann werden alle satt.  <\/p>\n\n\n\n<p>Wenn geteilt wird, was da ist, <br>und scheint es noch so unbedeutend, <br>dann reicht es f\u00fcr alle.<\/p>\n\n\n\n<p><em>(Dankgottesdienst Erstkommunion, Joh 6,5-13)<\/em><\/p>\n","protected":false},"excerpt":{"rendered":"<p>Wenn jeder gibt, was er hat, dann werden alle satt. Eine treffende Liedzeile. Sie fasst die Haltung des Geschichtenerz\u00e4hlers aus Nazareth zusammen. Wenn jede gibt, was sie hat, dann werden alle satt. Eine treffende Liedzeile. Sie fasst die Haltung der&#8230;<\/p>\n","protected":false},"author":1,"featured_media":1129,"comment_status":"closed","ping_status":"closed","sticky":false,"template":"","format":"standard","meta":{"jetpack_post_was_ever_published":false,"_jetpack_newsletter_access":"","_jetpack_dont_email_post_to_subs":false,"_jetpack_newsletter_tier_id":0,"_jetpack_memberships_contains_paywalled_content":false,"_jetpack_memberships_contains_paid_content":false,"footnotes":"","jetpack_publicize_message":"","jetpack_publicize_feature_enabled":true,"jetpack_social_post_already_shared":true,"jetpack_social_options":{"image_generator_settings":{"template":"highway","default_image_id":0,"font":"","enabled":false},"version":2}},"categories":[2,3],"tags":[6,17,24,7,8,9,10,11,12],"class_list":["post-3557","post","type-post","status-publish","format-standard","has-post-thumbnail","hentry","category-30-sekunden-predigt","category-alle","tag-bibel","tag-gesellschaft","tag-gott","tag-jesus","tag-kirche","tag-mensch","tag-politik","tag-religion","tag-schopfung"],"jetpack_publicize_connections":[],"jetpack_featured_media_url":"https:\/\/www.wortimpuls.ch\/wp-content\/uploads\/2018\/03\/Weizenk\u00f6rner.jpg","jetpack_sharing_enabled":true,"_links":{"self":[{"href":"https:\/\/www.wortimpuls.ch\/index.php?rest_route=\/wp\/v2\/posts\/3557","targetHints":{"allow":["GET"]}}],"collection":[{"href":"https:\/\/www.wortimpuls.ch\/index.php?rest_route=\/wp\/v2\/posts"}],"about":[{"href":"https:\/\/www.wortimpuls.ch\/index.php?rest_route=\/wp\/v2\/types\/post"}],"author":[{"embeddable":true,"href":"https:\/\/www.wortimpuls.ch\/index.php?rest_route=\/wp\/v2\/users\/1"}],"replies":[{"embeddable":true,"href":"https:\/\/www.wortimpuls.ch\/index.php?rest_route=%2Fwp%2Fv2%2Fcomments&post=3557"}],"version-history":[{"count":1,"href":"https:\/\/www.wortimpuls.ch\/index.php?rest_route=\/wp\/v2\/posts\/3557\/revisions"}],"predecessor-version":[{"id":3558,"href":"https:\/\/www.wortimpuls.ch\/index.php?rest_route=\/wp\/v2\/posts\/3557\/revisions\/3558"}],"wp:featuredmedia":[{"embeddable":true,"href":"https:\/\/www.wortimpuls.ch\/index.php?rest_route=\/wp\/v2\/media\/1129"}],"wp:attachment":[{"href":"https:\/\/www.wortimpuls.ch\/index.php?rest_route=%2Fwp%2Fv2%2Fmedia&parent=3557"}],"wp:term":[{"taxonomy":"category","embeddable":true,"href":"https:\/\/www.wortimpuls.ch\/index.php?rest_route=%2Fwp%2Fv2%2Fcategories&post=3557"},{"taxonomy":"post_tag","embeddable":true,"href":"https:\/\/www.wortimpuls.ch\/index.php?rest_route=%2Fwp%2Fv2%2Ftags&post=3557"}],"curies":[{"name":"wp","href":"https:\/\/api.w.org\/{rel}","templated":true}]}}