{"id":3657,"date":"2026-08-30T05:33:00","date_gmt":"2026-08-30T03:33:00","guid":{"rendered":"https:\/\/www.wortimpuls.ch\/?p=3657"},"modified":"2026-08-25T11:35:58","modified_gmt":"2026-08-25T09:35:58","slug":"engagement-und-einsatz","status":"publish","type":"post","link":"https:\/\/www.wortimpuls.ch\/?p=3657","title":{"rendered":"Engagement und Einsatz"},"content":{"rendered":"\n<p class=\"wp-block-paragraph\"><\/p>\n\n\n\n<p class=\"wp-block-paragraph\">Sch\u00f6n, wenn Menschen sich f\u00fcr etwas interessieren, <br>Feuer und Flamme sind. <br>Und sich einsetzen f\u00fcr ein gutes Zusammenleben, <br>sich engagieren f\u00fcr ein faires Miteinander. <\/p>\n\n\n\n<p class=\"wp-block-paragraph\">Sch\u00f6n, wenn Menschen eine eigene Meinung haben,  <br>sich informieren und nachdenken.  <br>Und, wenn n\u00f6tig, gegen den Strom schwimmen, <br>sich nicht anpassen.<\/p>\n\n\n\n<p class=\"wp-block-paragraph\">Sch\u00f6n, wenn Menschen auf ihre Grenzen achten, <br>Sorge tragen zu ihren Kr\u00e4ften. <br>Und auch einmal nein sagen, <br>es gut sein lassen.<\/p>\n\n\n\n<p class=\"wp-block-paragraph\"><em>(22. Sonntag A, Jer 20,7-9, R\u00f6m 12,1-3)<\/em><\/p>\n","protected":false},"excerpt":{"rendered":"<p>Sch\u00f6n, wenn Menschen sich f\u00fcr etwas interessieren, Feuer und Flamme sind. Und sich einsetzen f\u00fcr ein gutes Zusammenleben, sich engagieren f\u00fcr ein faires Miteinander. Sch\u00f6n, wenn Menschen eine eigene Meinung haben, sich informieren und nachdenken. Und, wenn n\u00f6tig, gegen den&#8230;<\/p>\n","protected":false},"author":1,"featured_media":513,"comment_status":"closed","ping_status":"closed","sticky":false,"template":"","format":"standard","meta":{"_jetpack_newsletter_access":"","_jetpack_dont_email_post_to_subs":false,"_jetpack_newsletter_tier_id":0,"_jetpack_memberships_contains_paywalled_content":false,"_jetpack_feature_clip_id":0,"_jetpack_memberships_contains_paid_content":false,"footnotes":"","jetpack_publicize_message":"","jetpack_publicize_feature_enabled":true,"jetpack_social_post_already_shared":true,"jetpack_social_options":{"image_generator_settings":{"template":"highway","default_image_id":0,"font":"","enabled":false},"version":2},"jetpack_post_was_ever_published":false},"categories":[2,3],"tags":[6,17,16,9,10,11,12],"class_list":["post-3657","post","type-post","status-publish","format-standard","has-post-thumbnail","hentry","category-30-sekunden-predigt","category-alle","tag-bibel","tag-gesellschaft","tag-kultur","tag-mensch","tag-politik","tag-religion","tag-schopfung"],"jetpack_publicize_connections":[],"jetpack_sharing_enabled":true,"jetpack_featured_media_url":"https:\/\/www.wortimpuls.ch\/wp-content\/uploads\/2015\/12\/Feuer-009.jpg","_links":{"self":[{"href":"https:\/\/www.wortimpuls.ch\/index.php?rest_route=\/wp\/v2\/posts\/3657","targetHints":{"allow":["GET"]}}],"collection":[{"href":"https:\/\/www.wortimpuls.ch\/index.php?rest_route=\/wp\/v2\/posts"}],"about":[{"href":"https:\/\/www.wortimpuls.ch\/index.php?rest_route=\/wp\/v2\/types\/post"}],"author":[{"embeddable":true,"href":"https:\/\/www.wortimpuls.ch\/index.php?rest_route=\/wp\/v2\/users\/1"}],"replies":[{"embeddable":true,"href":"https:\/\/www.wortimpuls.ch\/index.php?rest_route=%2Fwp%2Fv2%2Fcomments&post=3657"}],"version-history":[{"count":1,"href":"https:\/\/www.wortimpuls.ch\/index.php?rest_route=\/wp\/v2\/posts\/3657\/revisions"}],"predecessor-version":[{"id":3658,"href":"https:\/\/www.wortimpuls.ch\/index.php?rest_route=\/wp\/v2\/posts\/3657\/revisions\/3658"}],"wp:featuredmedia":[{"embeddable":true,"href":"https:\/\/www.wortimpuls.ch\/index.php?rest_route=\/wp\/v2\/media\/513"}],"wp:attachment":[{"href":"https:\/\/www.wortimpuls.ch\/index.php?rest_route=%2Fwp%2Fv2%2Fmedia&parent=3657"}],"wp:term":[{"taxonomy":"category","embeddable":true,"href":"https:\/\/www.wortimpuls.ch\/index.php?rest_route=%2Fwp%2Fv2%2Fcategories&post=3657"},{"taxonomy":"post_tag","embeddable":true,"href":"https:\/\/www.wortimpuls.ch\/index.php?rest_route=%2Fwp%2Fv2%2Ftags&post=3657"}],"curies":[{"name":"wp","href":"https:\/\/api.w.org\/{rel}","templated":true}]}}