{"id":3664,"date":"2026-09-03T05:32:00","date_gmt":"2026-09-03T03:32:00","guid":{"rendered":"https:\/\/www.wortimpuls.ch\/?p=3664"},"modified":"2026-09-03T08:36:51","modified_gmt":"2026-09-03T06:36:51","slug":"zugrunde-gehen","status":"publish","type":"post","link":"https:\/\/www.wortimpuls.ch\/?p=3664","title":{"rendered":"Zugrunde gehen"},"content":{"rendered":"\n<p class=\"wp-block-paragraph\">Wer Unrecht tut, <br>wird zugrunde gehen.<\/p>\n\n\n\n<p class=\"wp-block-paragraph\">Nicht, weil da eine g\u00f6ttliche Instanz w\u00e4re, die straft. <br>Nicht, weil da ein Aufpassergott w\u00e4re, der einschreitet. <br>Nicht, weil da eine g\u00f6ttliche Kommandozentrale w\u00e4re, die eingreift.<\/p>\n\n\n\n<p class=\"wp-block-paragraph\">Sondern, weil Unrecht ins Chaos st\u00fcrzt,  <br>Elend schafft  <br>und t\u00f6tet.<\/p>\n\n\n\n<p class=\"wp-block-paragraph\">Vom Krieg verw\u00fcstete Landstriche <br>und vom Hass vergiftete Menschen <br>schaden Unz\u00e4hligen.<\/p>\n\n\n\n<p class=\"wp-block-paragraph\">Der Raubbau an der Erde \u00a0 <br>und unumkehrbar zerst\u00f6rte Lebensgrundlagen <br>schaden Unz\u00e4hligen.<\/p>\n\n\n\n<p class=\"wp-block-paragraph\">Wer Unrecht tut,<br>wird zugrunde gehen.<\/p>\n\n\n\n<p class=\"wp-block-paragraph\">Vielleicht ist der Satz zu einfach. <br>Weil diejenigen, die Unrecht ver\u00fcben, <br>oft ungeschoren davonkommen. <br>Weil diejenigen, die Unrecht tun, <br>sich oft am besten wehren k\u00f6nnen gegen dessen Folgen. <br><\/p>\n\n\n\n<p class=\"wp-block-paragraph\">Vielleicht stimmt der Satz doch.<br>Weil letztlich alle Menschen betroffen sind, <br>alle Lebewesen, <br>der ganze Planet.<\/p>\n\n\n\n<p class=\"wp-block-paragraph\">Der Hinweis in den alten Schriften <br>ist durchaus plausibel,<br>einsichtig,<br>und bedenkenswert:<br>Auf das eigene Wohl<br><em>und<\/em> auf das der anderen zu achten.<\/p>\n\n\n\n<p class=\"wp-block-paragraph\">(<em>26. Sonntag A, Ez 18,26, Phil 2,4)<\/em><\/p>\n","protected":false},"excerpt":{"rendered":"<p>Wer Unrecht tut, wird zugrunde gehen. Nicht, weil da eine g\u00f6ttliche Instanz w\u00e4re, die straft. Nicht, weil da ein Aufpassergott w\u00e4re, der einschreitet. Nicht, weil da eine g\u00f6ttliche Kommandozentrale w\u00e4re, die eingreift. Sondern, weil Unrecht ins Chaos st\u00fcrzt, Elend schafft&#8230;<\/p>\n","protected":false},"author":1,"featured_media":685,"comment_status":"closed","ping_status":"closed","sticky":false,"template":"","format":"standard","meta":{"_jetpack_newsletter_access":"","_jetpack_dont_email_post_to_subs":false,"_jetpack_newsletter_tier_id":0,"_jetpack_memberships_contains_paywalled_content":false,"_jetpack_feature_clip_id":0,"_jetpack_memberships_contains_paid_content":false,"footnotes":"","jetpack_publicize_message":"","jetpack_publicize_feature_enabled":true,"jetpack_social_post_already_shared":true,"jetpack_social_options":{"image_generator_settings":{"template":"highway","default_image_id":0,"font":"","enabled":false},"version":2},"jetpack_post_was_ever_published":false},"categories":[2,3],"tags":[6,17,24,9,10,11,12],"class_list":["post-3664","post","type-post","status-publish","format-standard","has-post-thumbnail","hentry","category-30-sekunden-predigt","category-alle","tag-bibel","tag-gesellschaft","tag-gott","tag-mensch","tag-politik","tag-religion","tag-schopfung"],"jetpack_publicize_connections":[],"jetpack_sharing_enabled":true,"jetpack_featured_media_url":"https:\/\/www.wortimpuls.ch\/wp-content\/uploads\/2016\/08\/DSC03842.jpg","_links":{"self":[{"href":"https:\/\/www.wortimpuls.ch\/index.php?rest_route=\/wp\/v2\/posts\/3664","targetHints":{"allow":["GET"]}}],"collection":[{"href":"https:\/\/www.wortimpuls.ch\/index.php?rest_route=\/wp\/v2\/posts"}],"about":[{"href":"https:\/\/www.wortimpuls.ch\/index.php?rest_route=\/wp\/v2\/types\/post"}],"author":[{"embeddable":true,"href":"https:\/\/www.wortimpuls.ch\/index.php?rest_route=\/wp\/v2\/users\/1"}],"replies":[{"embeddable":true,"href":"https:\/\/www.wortimpuls.ch\/index.php?rest_route=%2Fwp%2Fv2%2Fcomments&post=3664"}],"version-history":[{"count":5,"href":"https:\/\/www.wortimpuls.ch\/index.php?rest_route=\/wp\/v2\/posts\/3664\/revisions"}],"predecessor-version":[{"id":3671,"href":"https:\/\/www.wortimpuls.ch\/index.php?rest_route=\/wp\/v2\/posts\/3664\/revisions\/3671"}],"wp:featuredmedia":[{"embeddable":true,"href":"https:\/\/www.wortimpuls.ch\/index.php?rest_route=\/wp\/v2\/media\/685"}],"wp:attachment":[{"href":"https:\/\/www.wortimpuls.ch\/index.php?rest_route=%2Fwp%2Fv2%2Fmedia&parent=3664"}],"wp:term":[{"taxonomy":"category","embeddable":true,"href":"https:\/\/www.wortimpuls.ch\/index.php?rest_route=%2Fwp%2Fv2%2Fcategories&post=3664"},{"taxonomy":"post_tag","embeddable":true,"href":"https:\/\/www.wortimpuls.ch\/index.php?rest_route=%2Fwp%2Fv2%2Ftags&post=3664"}],"curies":[{"name":"wp","href":"https:\/\/api.w.org\/{rel}","templated":true}]}}